{"id":875,"date":"2021-01-24T17:35:09","date_gmt":"2021-01-24T16:35:09","guid":{"rendered":"https:\/\/www.association-et302.fr\/?p=875"},"modified":"2021-01-25T09:02:40","modified_gmt":"2021-01-25T08:02:40","slug":"audition-de-patrick-ky-directeur-executif-de-leasa-devant-la-commission-des-transports-et-du-tourisme-du-parlement-europeen-prevue-le-25-janvier-2021","status":"publish","type":"post","link":"https:\/\/www.association-et302.fr\/index.php\/2021\/01\/24\/audition-de-patrick-ky-directeur-executif-de-leasa-devant-la-commission-des-transports-et-du-tourisme-du-parlement-europeen-prevue-le-25-janvier-2021\/","title":{"rendered":"Audition de Patrick Ky, Directeur Ex\u00e9cutif de l&rsquo;EASA devant la Commission des Transports et du Tourisme du Parlement Europ\u00e9en pr\u00e9vue le 25 janvier 2021"},"content":{"rendered":"\n<blockquote class=\"wp-block-quote\"><p>\u00ab\u00a0Si nous sommes une association de victimes regroupant des dizaines de familles endeuill\u00e9es par le crash du vol ET302, c\u2019est d\u2019abord en tant que citoyens europ\u00e9ens que nous saluons la d\u00e9cision de la Commission des transports d\u2019auditionner M. Patrick Ky.<br>Nous voulons croire \u00e0 l\u2019Europe qui prot\u00e8ge ses citoyens.\u00a0\u00bb<\/p><cite>Extrait du communiqu\u00e9 de presse de l&rsquo;association du 22\/01\/21<\/cite><\/blockquote>\n\n\n\n<p>Le 22 d\u00e9cembre 2020, l&rsquo;association Vol ET302 &#8211; Solidarit\u00e9 &amp; Justice a envoy\u00e9 une lettre de commentaires en r\u00e9ponse \u00e0 la publication de l&rsquo;Airworthiness Directive de l&rsquo;EASA, pr\u00e9alable \u00e0 la lev\u00e9e de l&rsquo;interdiction de vol du Boeing 737 MAX en Europe, dans le cadre d&rsquo;une consultation publique (<a href=\"https:\/\/www.association-et302.fr\/index.php\/2020\/12\/23\/reponse-des-familles-a-lad-de-leasa\/\" data-type=\"URL\" data-id=\"https:\/\/www.association-et302.fr\/index.php\/2020\/12\/23\/reponse-des-familles-a-lad-de-leasa\/\" target=\"_blank\" rel=\"noreferrer noopener\">Lire ici<\/a>). Ce courrier est rest\u00e9 sans r\u00e9ponse.<\/p>\n\n\n\n<p>Les familles et proches des victimes du vol ET302 ne voudraient pas voir la remise en service du Boeing 737 MAX en Europe sans que d\u00e9monstration soit faite de la s\u00e9curit\u00e9 de ce mod\u00e8le d&rsquo;avion.<\/p>\n\n\n\n<p>C&rsquo;est dans cette volont\u00e9 d&rsquo;obtenir des r\u00e9ponses que le 10 janvier 2021, l&rsquo;association Vol ET302 &#8211; Solidarit\u00e9 &amp; Justice, sollicite, par un courriel adress\u00e9 \u00e0 Karima Delli, Pr\u00e9sidente de la Commission des Transports et du Tourisme du Parlement Europ\u00e9en, l&rsquo;audition de Patrick Ky, Directeur Ex\u00e9cutif de l&rsquo;EASA devant cette commission.<\/p>\n\n\n\n<p>Monsieur Ky ayant annonc\u00e9 le 19 janvier 2021, que la recertification du 737 MAX se ferait dans la derni\u00e8re semaine du mois de janvier (<a rel=\"noreferrer noopener\" href=\"https:\/\/www.lemonde.fr\/economie\/article\/2021\/01\/20\/le-boeing-737-max-pourra-retrouver-le-ciel-europeen-a-partir-de-la-semaine-prochaine_6066856_3234.html\" data-type=\"URL\" data-id=\"https:\/\/www.lemonde.fr\/economie\/article\/2021\/01\/20\/le-boeing-737-max-pourra-retrouver-le-ciel-europeen-a-partir-de-la-semaine-prochaine_6066856_3234.html\" target=\"_blank\">en savoir plus<\/a>), Madame Delli a acc\u00e9d\u00e9 \u00e0 la demande de l&rsquo;association en conviant Monsieur Ky \u00e0 venir auditionner devant la commission le lundi 25 janvier. Il pourra ainsi r\u00e9pondre aux questions et aux craintes des parlementaires quant \u00e0 la recertification du Boeing 737 MAX.<\/p>\n\n\n\n<p><strong><a rel=\"noreferrer noopener\" href=\"https:\/\/www.association-et302.fr\/wp-content\/uploads\/2021\/01\/Communique-ET-320-22.01.pdf\" data-type=\"URL\" data-id=\"https:\/\/www.association-et302.fr\/wp-content\/uploads\/2021\/01\/Communique-ET-320-22.01.pdf\" target=\"_blank\">Lire le communiqu\u00e9 de presse du 22\/01\/21<\/a><\/strong><\/p>\n\n\n\n<p><strong>Lettre envoy\u00e9e par l&rsquo;association aux membres de la Commission des Transports et du Tourisme du Parlement Europ\u00e9en le 22\/01\/21 exposant les questions de l&rsquo;association \u00e0 destination de Patrick Ky, Directeur Ex\u00e9cutif de l&rsquo;EASA<\/strong> : <a href=\"https:\/\/www.association-et302.fr\/wp-content\/uploads\/2021\/01\/Questions-pour-audition-EASA_Version-fr.pdf\" data-type=\"URL\" data-id=\"https:\/\/www.association-et302.fr\/wp-content\/uploads\/2021\/01\/Questions-pour-audition-EASA_Version-fr.pdf\" target=\"_blank\" rel=\"noreferrer noopener\">Lire la lettre<\/a><\/p>\n\n\n\n<p><strong><a href=\"http:\/\/www.europarl.europa.eu\/committees\/fr\/tran\/meetings\/webstreaming\" data-type=\"URL\" data-id=\"www.europarl.europa.eu\/committees\/fr\/tran\/meetings\/webstreaming\" target=\"_blank\" rel=\"noreferrer noopener\">Voir l&rsquo;audition<\/a><\/strong><\/p>\n","protected":false},"excerpt":{"rendered":"<p>\u00ab\u00a0Si nous sommes une association de victimes regroupant&#8230;<\/p>\n","protected":false},"author":2,"featured_media":886,"comment_status":"closed","ping_status":"closed","sticky":false,"template":"","format":"standard","meta":[],"categories":[3,41,42,1],"tags":[],"_links":{"self":[{"href":"https:\/\/www.association-et302.fr\/index.php\/wp-json\/wp\/v2\/posts\/875"}],"collection":[{"href":"https:\/\/www.association-et302.fr\/index.php\/wp-json\/wp\/v2\/posts"}],"about":[{"href":"https:\/\/www.association-et302.fr\/index.php\/wp-json\/wp\/v2\/types\/post"}],"author":[{"embeddable":true,"href":"https:\/\/www.association-et302.fr\/index.php\/wp-json\/wp\/v2\/users\/2"}],"replies":[{"embeddable":true,"href":"https:\/\/www.association-et302.fr\/index.php\/wp-json\/wp\/v2\/comments?post=875"}],"version-history":[{"count":8,"href":"https:\/\/www.association-et302.fr\/index.php\/wp-json\/wp\/v2\/posts\/875\/revisions"}],"predecessor-version":[{"id":911,"href":"https:\/\/www.association-et302.fr\/index.php\/wp-json\/wp\/v2\/posts\/875\/revisions\/911"}],"wp:featuredmedia":[{"embeddable":true,"href":"https:\/\/www.association-et302.fr\/index.php\/wp-json\/wp\/v2\/media\/886"}],"wp:attachment":[{"href":"https:\/\/www.association-et302.fr\/index.php\/wp-json\/wp\/v2\/media?parent=875"}],"wp:term":[{"taxonomy":"category","embeddable":true,"href":"https:\/\/www.association-et302.fr\/index.php\/wp-json\/wp\/v2\/categories?post=875"},{"taxonomy":"post_tag","embeddable":true,"href":"https:\/\/www.association-et302.fr\/index.php\/wp-json\/wp\/v2\/tags?post=875"}],"curies":[{"name":"wp","href":"https:\/\/api.w.org\/{rel}","templated":true}]}}