{"id":78,"date":"2019-10-16T13:22:50","date_gmt":"2019-10-16T11:22:50","guid":{"rendered":"https:\/\/www.association-et302.fr\/?p=78"},"modified":"2019-11-13T18:01:59","modified_gmt":"2019-11-13T17:01:59","slug":"rapatriement-des-victimes-francaises","status":"publish","type":"post","link":"https:\/\/www.association-et302.fr\/index.php\/2019\/10\/16\/rapatriement-des-victimes-francaises\/","title":{"rendered":"Rapatriement des victimes fran\u00e7aises"},"content":{"rendered":"\n<p>L\u2019association des familles de victimes du crash du Vol ET 302 survenu le 10 mars 2019 en Ethiopie (Association Vol ET 302 \u2013 Solidarit\u00e9 et Justice), tuant 157 personnes dont 10 Fran\u00e7ais, annonce qu\u2019elle participera et repr\u00e9sentera les familles, \u00e0 l\u2019occasion du rapatriement de leurs proches en France et de la c\u00e9r\u00e9monie d\u2019hommage qui leur est consacr\u00e9e le 19 octobre 2019 dans les salons d\u2019honneur de l\u2019a\u00e9roport d\u2019Orly.<br>Monsieur LEMOYNE, Secr\u00e9taire d\u2019Etat aupr\u00e8s du ministre de l\u2019Europe et des Affaires Etrang\u00e8res ainsi que les repr\u00e9sentants de la D\u00e9l\u00e9gation Interminist\u00e9rielle de l\u2019Aide aux victimes seront pr\u00e9sents pour t\u00e9moigner de leur soutien aux familles. <br>Cette restitution, apr\u00e8s 7 mois d\u2019attente, constitue pour elles une ultime \u00e9tape dans l\u2019\u00e9preuve qu\u2019elles traversent depuis le 10 mars et dans le cheminement de leur deuil qui avait commenc\u00e9 lors d\u2019un premier d\u00e9placement sur les lieux du crash en avril dernier. <br>La pr\u00e9sidente de l\u2019association, Virginie Fricaudet, qui se rend de nouveau prochainement en Ethiopie pour accompagner le retour des victimes en France, s\u2019exprimera lors d\u2019une br\u00e8ve allocution le 19 octobre. Ce sera la premi\u00e8re communication publique de l\u2019association qui donnera par la suite, courant novembre, une conf\u00e9rence de presse.<\/p>\n","protected":false},"excerpt":{"rendered":"<p>L\u2019association des familles de victimes du crash du&#8230;<\/p>\n","protected":false},"author":2,"featured_media":53,"comment_status":"closed","ping_status":"closed","sticky":false,"template":"","format":"standard","meta":[],"categories":[1],"tags":[],"_links":{"self":[{"href":"https:\/\/www.association-et302.fr\/index.php\/wp-json\/wp\/v2\/posts\/78"}],"collection":[{"href":"https:\/\/www.association-et302.fr\/index.php\/wp-json\/wp\/v2\/posts"}],"about":[{"href":"https:\/\/www.association-et302.fr\/index.php\/wp-json\/wp\/v2\/types\/post"}],"author":[{"embeddable":true,"href":"https:\/\/www.association-et302.fr\/index.php\/wp-json\/wp\/v2\/users\/2"}],"replies":[{"embeddable":true,"href":"https:\/\/www.association-et302.fr\/index.php\/wp-json\/wp\/v2\/comments?post=78"}],"version-history":[{"count":1,"href":"https:\/\/www.association-et302.fr\/index.php\/wp-json\/wp\/v2\/posts\/78\/revisions"}],"predecessor-version":[{"id":79,"href":"https:\/\/www.association-et302.fr\/index.php\/wp-json\/wp\/v2\/posts\/78\/revisions\/79"}],"wp:featuredmedia":[{"embeddable":true,"href":"https:\/\/www.association-et302.fr\/index.php\/wp-json\/wp\/v2\/media\/53"}],"wp:attachment":[{"href":"https:\/\/www.association-et302.fr\/index.php\/wp-json\/wp\/v2\/media?parent=78"}],"wp:term":[{"taxonomy":"category","embeddable":true,"href":"https:\/\/www.association-et302.fr\/index.php\/wp-json\/wp\/v2\/categories?post=78"},{"taxonomy":"post_tag","embeddable":true,"href":"https:\/\/www.association-et302.fr\/index.php\/wp-json\/wp\/v2\/tags?post=78"}],"curies":[{"name":"wp","href":"https:\/\/api.w.org\/{rel}","templated":true}]}}